{"id":908,"date":"2026-04-30T11:40:07","date_gmt":"2026-04-30T09:40:07","guid":{"rendered":"https:\/\/somossosteniblescoop.com\/edicion2\/?p=908"},"modified":"2026-04-30T11:40:07","modified_gmt":"2026-04-30T09:40:07","slug":"reunion-de-coordinacion-del-proyecto-somossostenibles-coop2","status":"publish","type":"post","link":"https:\/\/somossosteniblescoop.com\/edicion2\/reunion-de-coordinacion-del-proyecto-somossostenibles-coop2\/","title":{"rendered":"Reuni\u00f3n de coordinaci\u00f3n del proyecto SOMOSSOSTENIBLES.COOP2"},"content":{"rendered":"<p data-start=\"83\" data-end=\"274\">El pasado <strong data-start=\"93\" data-end=\"108\">28 de abril<\/strong> se celebr\u00f3 una nueva <strong data-start=\"130\" data-end=\"193\">reuni\u00f3n de coordinaci\u00f3n del proyecto SOMOSSOSTENIBLES.COOP2<\/strong>, desarrollada de forma telem\u00e1tica a trav\u00e9s de la plataforma <strong data-start=\"254\" data-end=\"273\">Microsoft Teams<\/strong>.<\/p>\n<p data-start=\"276\" data-end=\"723\">Durante el encuentro se abordaron distintos aspectos clave para el correcto avance del programa, entre ellos el <strong data-start=\"388\" data-end=\"431\">seguimiento de las actuaciones en curso<\/strong> y la <strong data-start=\"437\" data-end=\"499\">supervisi\u00f3n del trabajo desarrollado por cada departamento<\/strong>, con el objetivo de garantizar una ejecuci\u00f3n coordinada y eficaz del proyecto. Asimismo, se trataron otros temas de inter\u00e9s general necesarios para asegurar la correcta planificaci\u00f3n y continuidad de las acciones previstas.<\/p>\n<p data-start=\"725\" data-end=\"951\" data-is-last-node=\"\" data-is-only-node=\"\">La reuni\u00f3n permiti\u00f3 compartir los avances alcanzados hasta la fecha, reforzar la coordinaci\u00f3n entre las \u00e1reas implicadas y consolidar una gesti\u00f3n alineada con los objetivos estrat\u00e9gicos del proyecto <strong data-start=\"924\" data-end=\"950\">SOMOSSOSTENIBLES.COOP2<\/strong>.<\/p>\n","protected":false},"excerpt":{"rendered":"<p>El pasado 28 de abril se celebr\u00f3 una nueva reuni\u00f3n de coordinaci\u00f3n del proyecto SOMOSSOSTENIBLES.COOP2, desarrollada de forma telem\u00e1tica a trav\u00e9s de la plataforma Microsoft Teams. Durante el encuentro se abordaron distintos aspectos clave para el correcto avance del programa, entre ellos el seguimiento de las actuaciones en curso y la supervisi\u00f3n del trabajo desarrollado [&hellip;]<\/p>\n","protected":false},"author":2,"featured_media":909,"comment_status":"closed","ping_status":"closed","sticky":false,"template":"","format":"standard","meta":{"_et_pb_use_builder":"","_et_pb_old_content":"","_et_gb_content_width":"","footnotes":""},"categories":[1],"tags":[],"class_list":["post-908","post","type-post","status-publish","format-standard","has-post-thumbnail","hentry","category-coordinacion"],"_links":{"self":[{"href":"https:\/\/somossosteniblescoop.com\/edicion2\/wp-json\/wp\/v2\/posts\/908","targetHints":{"allow":["GET"]}}],"collection":[{"href":"https:\/\/somossosteniblescoop.com\/edicion2\/wp-json\/wp\/v2\/posts"}],"about":[{"href":"https:\/\/somossosteniblescoop.com\/edicion2\/wp-json\/wp\/v2\/types\/post"}],"author":[{"embeddable":true,"href":"https:\/\/somossosteniblescoop.com\/edicion2\/wp-json\/wp\/v2\/users\/2"}],"replies":[{"embeddable":true,"href":"https:\/\/somossosteniblescoop.com\/edicion2\/wp-json\/wp\/v2\/comments?post=908"}],"version-history":[{"count":2,"href":"https:\/\/somossosteniblescoop.com\/edicion2\/wp-json\/wp\/v2\/posts\/908\/revisions"}],"predecessor-version":[{"id":911,"href":"https:\/\/somossosteniblescoop.com\/edicion2\/wp-json\/wp\/v2\/posts\/908\/revisions\/911"}],"wp:featuredmedia":[{"embeddable":true,"href":"https:\/\/somossosteniblescoop.com\/edicion2\/wp-json\/wp\/v2\/media\/909"}],"wp:attachment":[{"href":"https:\/\/somossosteniblescoop.com\/edicion2\/wp-json\/wp\/v2\/media?parent=908"}],"wp:term":[{"taxonomy":"category","embeddable":true,"href":"https:\/\/somossosteniblescoop.com\/edicion2\/wp-json\/wp\/v2\/categories?post=908"},{"taxonomy":"post_tag","embeddable":true,"href":"https:\/\/somossosteniblescoop.com\/edicion2\/wp-json\/wp\/v2\/tags?post=908"}],"curies":[{"name":"wp","href":"https:\/\/api.w.org\/{rel}","templated":true}]}}